{"id":3235,"date":"2026-01-14T07:28:47","date_gmt":"2026-01-14T07:28:47","guid":{"rendered":"https:\/\/crzp.mzp.cz\/portal\/?p=3235"},"modified":"2026-01-14T10:01:45","modified_gmt":"2026-01-14T10:01:45","slug":"novy-ciselnik-cz-nace-uprava-cinnosti-u-provozoven-irz","status":"publish","type":"post","link":"https:\/\/crzp.mzp.cz\/portal\/novy-ciselnik-cz-nace-uprava-cinnosti-u-provozoven-irz\/","title":{"rendered":"Nov\u00fd \u010d\u00edseln\u00edk CZ-NACE \u2013 \u00faprava klasifikace ekonomick\u00e9 \u010dinnosti u&nbsp;provozoven IRZ"},"content":{"rendered":"\n<p>V&nbsp;souvislosti se&nbsp;zm\u011bnou klasifikace ekonomick\u00fdch \u010dinnost\u00ed (CZ-NACE) \u2013 viz informace na <a href=\"https:\/\/csu.gov.cz\/klasifikace-ekonomickych-cinnosti-cz-nace-platna-od-1-1-2025\">webov\u00fdch str\u00e1nk\u00e1ch \u010cesk\u00e9ho statistick\u00e9ho \u00fa\u0159adu<\/a>, do\u0161lo v&nbsp;CR\u017dP u&nbsp;vybran\u00fdch provozoven IRZ ke zm\u011bn\u011b popisu ekonomick\u00e9 \u010dinnosti v&nbsp;p\u0159\u00edpad\u011b, kdy k\u00f3d CZ-NACE z\u016fstal zachov\u00e1n a&nbsp;byl nahrazen nov\u00fdm. Doporu\u010dujeme ov\u011b\u0159it spr\u00e1vnost aktualizovan\u00e9ho CZ-NACE.<\/p>\n\n\n\n<p>Pokud do\u0161lo k&nbsp;ukon\u010den\u00ed platnosti k\u00f3d\u016f CZ-NACE bez n\u00e1hrady, je pro ohl\u00e1\u0161en\u00ed povinnosti \u201eHl\u00e1\u0161en\u00ed do&nbsp;integrovan\u00e9ho registru zne\u010di\u0161\u0165ov\u00e1n\u00ed\u201c (formul\u00e1\u0159 F_IRZ) v&nbsp;ISPOP ze strany provozovatele provozovny IRZ <strong>nutn\u00e9 k\u00f3d CZ-NACE doplnit<\/strong>.<\/p>\n\n\n\n<figure class=\"wp-block-image size-full\"><img decoding=\"async\" src=\"https:\/\/www.ispop.cz\/wp-content\/uploads\/image.png\" alt=\"\" class=\"wp-image-3943\"\/><\/figure>\n\n\n\n<p>Kontrolu\/dopln\u011bn\u00ed CZ-NACE u&nbsp;sv\u00fdch provozoven IRZ provedete v&nbsp;syst\u00e9mu CR\u017dP, v&nbsp;z\u00e1lo\u017ece \u201eProvozovny IRZ\u201c \u2013 \u201eP\u0159ehled provozoven IRZ\u201c v&nbsp;detailu p\u0159\u00edslu\u0161n\u00e9 provozovny, p\u0159es tla\u010d\u00edtko \u201eUPRAVIT\u201c \u2013 \u010d\u00e1st \u201eKlasifikace, Identifik\u00e1tory\u201c v\u00fdb\u011brem z&nbsp;roletky.<\/p>\n\n\n\n<figure class=\"wp-block-image size-full\"><img decoding=\"async\" src=\"https:\/\/www.ispop.cz\/wp-content\/uploads\/image-1.png\" alt=\"\" class=\"wp-image-3944\"\/><\/figure>\n\n\n\n<p>Pokud \u010dinnost CZ-NACE nen\u00ed v\u00a0CR\u017dP u&nbsp;provozovny dopln\u011bna, je ohla\u0161ovatel p\u0159ed samotn\u00fdm otev\u0159en\u00edm formul\u00e1\u0159e F_IRZ v&nbsp;ISPOP upozorn\u011bn chybovou hl\u00e1\u0161kou \u2013 viz n\u00e1hled a&nbsp;formul\u00e1\u0159 nen\u00ed mo\u017en\u00e9 vyplnit.<\/p>\n\n\n\n<figure class=\"wp-block-image size-full\"><img decoding=\"async\" src=\"https:\/\/www.ispop.cz\/wp-content\/uploads\/image-2.png\" alt=\"\" class=\"wp-image-3945\"\/><\/figure>\n","protected":false},"excerpt":{"rendered":"<p>V&nbsp;souvislosti se&nbsp;zm\u011bnou klasifikace ekonomick\u00fdch \u010dinnost\u00ed (CZ-NACE) \u2013 viz informace na webov\u00fdch str\u00e1nk\u00e1ch \u010cesk\u00e9ho statistick\u00e9ho \u00fa\u0159adu, do\u0161lo v&nbsp;CR\u017dP u&nbsp;vybran\u00fdch provozoven IRZ ke zm\u011bn\u011b popisu ekonomick\u00e9 \u010dinnosti v&nbsp;p\u0159\u00edpad\u011b, kdy k\u00f3d CZ-NACE z\u016fstal zachov\u00e1n a&nbsp;byl nahrazen nov\u00fdm. Doporu\u010dujeme ov\u011b\u0159it spr\u00e1vnost aktualizovan\u00e9ho CZ-NACE. Pokud do\u0161lo k&nbsp;ukon\u010den\u00ed platnosti k\u00f3d\u016f CZ-NACE bez n\u00e1hrady, je pro ohl\u00e1\u0161en\u00ed povinnosti \u201eHl\u00e1\u0161en\u00ed do&nbsp;integrovan\u00e9ho registru zne\u010di\u0161\u0165ov\u00e1n\u00ed\u201c&hellip;<\/p>\n","protected":false},"author":153,"featured_media":0,"comment_status":"closed","ping_status":"closed","sticky":false,"template":"","format":"standard","meta":{"inline_featured_image":false,"footnotes":""},"categories":[1],"tags":[],"yoast_head":"<!-- This site is optimized with the Yoast SEO plugin v20.13 - https:\/\/yoast.com\/wordpress\/plugins\/seo\/ -->\n<title>Nov\u00fd \u010d\u00edseln\u00edk CZ-NACE \u2013 \u00faprava klasifikace ekonomick\u00e9 \u010dinnosti u provozoven IRZ - CR\u017dP<\/title>\n<meta name=\"robots\" content=\"index, follow, max-snippet:-1, max-image-preview:large, max-video-preview:-1\" \/>\n<link rel=\"canonical\" href=\"https:\/\/crzp.mzp.cz\/portal\/novy-ciselnik-cz-nace-uprava-cinnosti-u-provozoven-irz\/\" \/>\n<meta property=\"og:locale\" content=\"cs_CZ\" \/>\n<meta property=\"og:type\" content=\"article\" \/>\n<meta property=\"og:title\" content=\"Nov\u00fd \u010d\u00edseln\u00edk CZ-NACE \u2013 \u00faprava klasifikace ekonomick\u00e9 \u010dinnosti u provozoven IRZ - CR\u017dP\" \/>\n<meta property=\"og:description\" content=\"V&nbsp;souvislosti se&nbsp;zm\u011bnou klasifikace ekonomick\u00fdch \u010dinnost\u00ed (CZ-NACE) \u2013 viz informace na webov\u00fdch str\u00e1nk\u00e1ch \u010cesk\u00e9ho statistick\u00e9ho \u00fa\u0159adu, do\u0161lo v&nbsp;CR\u017dP u&nbsp;vybran\u00fdch provozoven IRZ ke zm\u011bn\u011b popisu ekonomick\u00e9 \u010dinnosti v&nbsp;p\u0159\u00edpad\u011b, kdy k\u00f3d CZ-NACE z\u016fstal zachov\u00e1n a&nbsp;byl nahrazen nov\u00fdm. Doporu\u010dujeme ov\u011b\u0159it spr\u00e1vnost aktualizovan\u00e9ho CZ-NACE. Pokud do\u0161lo k&nbsp;ukon\u010den\u00ed platnosti k\u00f3d\u016f CZ-NACE bez n\u00e1hrady, je pro ohl\u00e1\u0161en\u00ed povinnosti \u201eHl\u00e1\u0161en\u00ed do&nbsp;integrovan\u00e9ho registru zne\u010di\u0161\u0165ov\u00e1n\u00ed\u201c&hellip;\" \/>\n<meta property=\"og:url\" content=\"https:\/\/crzp.mzp.cz\/portal\/novy-ciselnik-cz-nace-uprava-cinnosti-u-provozoven-irz\/\" \/>\n<meta property=\"og:site_name\" content=\"CR\u017dP\" \/>\n<meta property=\"article:published_time\" content=\"2026-01-14T07:28:47+00:00\" \/>\n<meta property=\"article:modified_time\" content=\"2026-01-14T10:01:45+00:00\" \/>\n<meta property=\"og:image\" content=\"https:\/\/www.ispop.cz\/wp-content\/uploads\/image.png\" \/>\n<meta name=\"author\" content=\"Tereza Poll\u00e1kov\u00e1\" \/>\n<meta name=\"twitter:card\" content=\"summary_large_image\" \/>\n<meta name=\"twitter:label1\" content=\"Written by\" \/>\n\t<meta name=\"twitter:data1\" content=\"Tereza Poll\u00e1kov\u00e1\" \/>\n\t<meta name=\"twitter:label2\" content=\"Est. reading time\" \/>\n\t<meta name=\"twitter:data2\" content=\"2 minuty\" \/>\n<script type=\"application\/ld+json\" class=\"yoast-schema-graph\">{\"@context\":\"https:\/\/schema.org\",\"@graph\":[{\"@type\":\"WebPage\",\"@id\":\"https:\/\/crzp.mzp.cz\/portal\/novy-ciselnik-cz-nace-uprava-cinnosti-u-provozoven-irz\/\",\"url\":\"https:\/\/crzp.mzp.cz\/portal\/novy-ciselnik-cz-nace-uprava-cinnosti-u-provozoven-irz\/\",\"name\":\"Nov\u00fd \u010d\u00edseln\u00edk CZ-NACE \u2013 \u00faprava klasifikace ekonomick\u00e9 \u010dinnosti u provozoven IRZ - CR\u017dP\",\"isPartOf\":{\"@id\":\"https:\/\/crzp.mzp.cz\/portal\/#website\"},\"datePublished\":\"2026-01-14T07:28:47+00:00\",\"dateModified\":\"2026-01-14T10:01:45+00:00\",\"author\":{\"@id\":\"https:\/\/crzp.mzp.cz\/portal\/#\/schema\/person\/feaa20b2d37194da4e933da6a22829a3\"},\"breadcrumb\":{\"@id\":\"https:\/\/crzp.mzp.cz\/portal\/novy-ciselnik-cz-nace-uprava-cinnosti-u-provozoven-irz\/#breadcrumb\"},\"inLanguage\":\"cs\",\"potentialAction\":[{\"@type\":\"ReadAction\",\"target\":[\"https:\/\/crzp.mzp.cz\/portal\/novy-ciselnik-cz-nace-uprava-cinnosti-u-provozoven-irz\/\"]}]},{\"@type\":\"BreadcrumbList\",\"@id\":\"https:\/\/crzp.mzp.cz\/portal\/novy-ciselnik-cz-nace-uprava-cinnosti-u-provozoven-irz\/#breadcrumb\",\"itemListElement\":[{\"@type\":\"ListItem\",\"position\":1,\"name\":\"Home\",\"item\":\"https:\/\/crzp.mzp.cz\/portal\/\"},{\"@type\":\"ListItem\",\"position\":2,\"name\":\"Nov\u00fd \u010d\u00edseln\u00edk CZ-NACE \u2013 \u00faprava klasifikace ekonomick\u00e9 \u010dinnosti u&nbsp;provozoven IRZ\"}]},{\"@type\":\"WebSite\",\"@id\":\"https:\/\/crzp.mzp.cz\/portal\/#website\",\"url\":\"https:\/\/crzp.mzp.cz\/portal\/\",\"name\":\"CR\u017dP\",\"description\":\"Centr\u00e1ln\u00ed registr \u017eivotn\u00edho prost\u0159ed\u00ed\",\"potentialAction\":[{\"@type\":\"SearchAction\",\"target\":{\"@type\":\"EntryPoint\",\"urlTemplate\":\"https:\/\/crzp.mzp.cz\/portal\/?s={search_term_string}\"},\"query-input\":\"required name=search_term_string\"}],\"inLanguage\":\"cs\"},{\"@type\":\"Person\",\"@id\":\"https:\/\/crzp.mzp.cz\/portal\/#\/schema\/person\/feaa20b2d37194da4e933da6a22829a3\",\"name\":\"Tereza Poll\u00e1kov\u00e1\",\"image\":{\"@type\":\"ImageObject\",\"inLanguage\":\"cs\",\"@id\":\"https:\/\/crzp.mzp.cz\/portal\/#\/schema\/person\/image\/\",\"url\":\"https:\/\/secure.gravatar.com\/avatar\/dffdb901208fcf7eab31dfca359ddc10?s=96&d=mm&r=g\",\"contentUrl\":\"https:\/\/secure.gravatar.com\/avatar\/dffdb901208fcf7eab31dfca359ddc10?s=96&d=mm&r=g\",\"caption\":\"Tereza Poll\u00e1kov\u00e1\"},\"url\":\"https:\/\/crzp.mzp.cz\/portal\/author\/tereza-pollakovacenia-cz\/\"}]}<\/script>\n<!-- \/ Yoast SEO plugin. -->","yoast_head_json":{"title":"Nov\u00fd \u010d\u00edseln\u00edk CZ-NACE \u2013 \u00faprava klasifikace ekonomick\u00e9 \u010dinnosti u provozoven IRZ - CR\u017dP","robots":{"index":"index","follow":"follow","max-snippet":"max-snippet:-1","max-image-preview":"max-image-preview:large","max-video-preview":"max-video-preview:-1"},"canonical":"https:\/\/crzp.mzp.cz\/portal\/novy-ciselnik-cz-nace-uprava-cinnosti-u-provozoven-irz\/","og_locale":"cs_CZ","og_type":"article","og_title":"Nov\u00fd \u010d\u00edseln\u00edk CZ-NACE \u2013 \u00faprava klasifikace ekonomick\u00e9 \u010dinnosti u provozoven IRZ - CR\u017dP","og_description":"V&nbsp;souvislosti se&nbsp;zm\u011bnou klasifikace ekonomick\u00fdch \u010dinnost\u00ed (CZ-NACE) \u2013 viz informace na webov\u00fdch str\u00e1nk\u00e1ch \u010cesk\u00e9ho statistick\u00e9ho \u00fa\u0159adu, do\u0161lo v&nbsp;CR\u017dP u&nbsp;vybran\u00fdch provozoven IRZ ke zm\u011bn\u011b popisu ekonomick\u00e9 \u010dinnosti v&nbsp;p\u0159\u00edpad\u011b, kdy k\u00f3d CZ-NACE z\u016fstal zachov\u00e1n a&nbsp;byl nahrazen nov\u00fdm. Doporu\u010dujeme ov\u011b\u0159it spr\u00e1vnost aktualizovan\u00e9ho CZ-NACE. Pokud do\u0161lo k&nbsp;ukon\u010den\u00ed platnosti k\u00f3d\u016f CZ-NACE bez n\u00e1hrady, je pro ohl\u00e1\u0161en\u00ed povinnosti \u201eHl\u00e1\u0161en\u00ed do&nbsp;integrovan\u00e9ho registru zne\u010di\u0161\u0165ov\u00e1n\u00ed\u201c&hellip;","og_url":"https:\/\/crzp.mzp.cz\/portal\/novy-ciselnik-cz-nace-uprava-cinnosti-u-provozoven-irz\/","og_site_name":"CR\u017dP","article_published_time":"2026-01-14T07:28:47+00:00","article_modified_time":"2026-01-14T10:01:45+00:00","og_image":[{"url":"https:\/\/www.ispop.cz\/wp-content\/uploads\/image.png"}],"author":"Tereza Poll\u00e1kov\u00e1","twitter_card":"summary_large_image","twitter_misc":{"Written by":"Tereza Poll\u00e1kov\u00e1","Est. reading time":"2 minuty"},"schema":{"@context":"https:\/\/schema.org","@graph":[{"@type":"WebPage","@id":"https:\/\/crzp.mzp.cz\/portal\/novy-ciselnik-cz-nace-uprava-cinnosti-u-provozoven-irz\/","url":"https:\/\/crzp.mzp.cz\/portal\/novy-ciselnik-cz-nace-uprava-cinnosti-u-provozoven-irz\/","name":"Nov\u00fd \u010d\u00edseln\u00edk CZ-NACE \u2013 \u00faprava klasifikace ekonomick\u00e9 \u010dinnosti u provozoven IRZ - CR\u017dP","isPartOf":{"@id":"https:\/\/crzp.mzp.cz\/portal\/#website"},"datePublished":"2026-01-14T07:28:47+00:00","dateModified":"2026-01-14T10:01:45+00:00","author":{"@id":"https:\/\/crzp.mzp.cz\/portal\/#\/schema\/person\/feaa20b2d37194da4e933da6a22829a3"},"breadcrumb":{"@id":"https:\/\/crzp.mzp.cz\/portal\/novy-ciselnik-cz-nace-uprava-cinnosti-u-provozoven-irz\/#breadcrumb"},"inLanguage":"cs","potentialAction":[{"@type":"ReadAction","target":["https:\/\/crzp.mzp.cz\/portal\/novy-ciselnik-cz-nace-uprava-cinnosti-u-provozoven-irz\/"]}]},{"@type":"BreadcrumbList","@id":"https:\/\/crzp.mzp.cz\/portal\/novy-ciselnik-cz-nace-uprava-cinnosti-u-provozoven-irz\/#breadcrumb","itemListElement":[{"@type":"ListItem","position":1,"name":"Home","item":"https:\/\/crzp.mzp.cz\/portal\/"},{"@type":"ListItem","position":2,"name":"Nov\u00fd \u010d\u00edseln\u00edk CZ-NACE \u2013 \u00faprava klasifikace ekonomick\u00e9 \u010dinnosti u&nbsp;provozoven IRZ"}]},{"@type":"WebSite","@id":"https:\/\/crzp.mzp.cz\/portal\/#website","url":"https:\/\/crzp.mzp.cz\/portal\/","name":"CR\u017dP","description":"Centr\u00e1ln\u00ed registr \u017eivotn\u00edho prost\u0159ed\u00ed","potentialAction":[{"@type":"SearchAction","target":{"@type":"EntryPoint","urlTemplate":"https:\/\/crzp.mzp.cz\/portal\/?s={search_term_string}"},"query-input":"required name=search_term_string"}],"inLanguage":"cs"},{"@type":"Person","@id":"https:\/\/crzp.mzp.cz\/portal\/#\/schema\/person\/feaa20b2d37194da4e933da6a22829a3","name":"Tereza Poll\u00e1kov\u00e1","image":{"@type":"ImageObject","inLanguage":"cs","@id":"https:\/\/crzp.mzp.cz\/portal\/#\/schema\/person\/image\/","url":"https:\/\/secure.gravatar.com\/avatar\/dffdb901208fcf7eab31dfca359ddc10?s=96&d=mm&r=g","contentUrl":"https:\/\/secure.gravatar.com\/avatar\/dffdb901208fcf7eab31dfca359ddc10?s=96&d=mm&r=g","caption":"Tereza Poll\u00e1kov\u00e1"},"url":"https:\/\/crzp.mzp.cz\/portal\/author\/tereza-pollakovacenia-cz\/"}]}},"_links":{"self":[{"href":"https:\/\/crzp.mzp.cz\/portal\/wp-json\/wp\/v2\/posts\/3235"}],"collection":[{"href":"https:\/\/crzp.mzp.cz\/portal\/wp-json\/wp\/v2\/posts"}],"about":[{"href":"https:\/\/crzp.mzp.cz\/portal\/wp-json\/wp\/v2\/types\/post"}],"author":[{"embeddable":true,"href":"https:\/\/crzp.mzp.cz\/portal\/wp-json\/wp\/v2\/users\/153"}],"replies":[{"embeddable":true,"href":"https:\/\/crzp.mzp.cz\/portal\/wp-json\/wp\/v2\/comments?post=3235"}],"version-history":[{"count":3,"href":"https:\/\/crzp.mzp.cz\/portal\/wp-json\/wp\/v2\/posts\/3235\/revisions"}],"predecessor-version":[{"id":3238,"href":"https:\/\/crzp.mzp.cz\/portal\/wp-json\/wp\/v2\/posts\/3235\/revisions\/3238"}],"wp:attachment":[{"href":"https:\/\/crzp.mzp.cz\/portal\/wp-json\/wp\/v2\/media?parent=3235"}],"wp:term":[{"taxonomy":"category","embeddable":true,"href":"https:\/\/crzp.mzp.cz\/portal\/wp-json\/wp\/v2\/categories?post=3235"},{"taxonomy":"post_tag","embeddable":true,"href":"https:\/\/crzp.mzp.cz\/portal\/wp-json\/wp\/v2\/tags?post=3235"}],"curies":[{"name":"wp","href":"https:\/\/api.w.org\/{rel}","templated":true}]}}